{"id":6402,"date":"2023-08-22T13:10:21","date_gmt":"2023-08-22T13:10:21","guid":{"rendered":"https:\/\/sortiesnature78.com\/?p=6402"},"modified":"2023-12-06T21:18:09","modified_gmt":"2023-12-06T20:18:09","slug":"la-nature-en-ete-a-foret-le-roi","status":"publish","type":"post","link":"https:\/\/sortiesnature78.com\/?p=6402","title":{"rendered":"\u00ab\u00a0La nature en \u00e9t\u00e9\u00a0\u00bb \u00e0 la For\u00eat-Le-Roi"},"content":{"rendered":"\n<p>Il y a deux jours, j&rsquo;effectuais le rep\u00e9rage sur une commune que je ne connaissais pas encore : La For\u00eat-Le-Roi. J&rsquo;ai d\u00e9couvert un village avec de nombreux atouts, des oiseaux prot\u00e9g\u00e9s, des papillons en quantit\u00e9 et des paysages vari\u00e9s. J&rsquo;aimerais partager avec vous toute cette biodiversit\u00e9<strong> dimanche 27 ao\u00fbt<\/strong> \u00e0 10h. Les inscriptions se font sur le site de <a rel=\"noreferrer noopener\" href=\"https:\/\/www.dourdan-tourisme.fr\/Agenda-et-festivites\/Tout-l-agenda\/visite-commentee-la-nature-ete\/1025\" target=\"_blank\">Dourdan Tourisme<\/a> en appelant au 01 64 59 86 97.  <\/p>\n\n\n\n<figure class=\"wp-block-image size-large\"><img decoding=\"async\" src=\"https:\/\/sortiesnature78.com\/wp-content\/uploads\/2023\/12\/aufilsaison-affa4-ete.jpg\" alt=\"\" class=\"wp-image-6440\" \/><\/figure>\n\n\n\n<p>Toutes les photos ci-dessous ont \u00e9t\u00e9 prises le 20 ao\u00fbt lors de la randonn\u00e9e de moins de 5km.<\/p>\n\n\n\n<p>Voici les paysages que nous traverserons :<\/p>\n\n\n\n<figure class=\"wp-block-gallery has-nested-images columns-default is-cropped wp-block-gallery-1 is-layout-flex wp-block-gallery-is-layout-flex\">\n<figure class=\"wp-block-image size-large\"><img decoding=\"async\" data-id=\"6406\" src=\"https:\/\/sortiesnature78.com\/wp-content\/uploads\/2023\/12\/20230820-sn78-foret-le-roi.jpg\" alt=\"\" class=\"wp-image-6406\" \/><\/figure>\n\n\n\n<figure class=\"wp-block-image size-large\"><img decoding=\"async\" data-id=\"6410\" src=\"https:\/\/sortiesnature78.com\/wp-content\/uploads\/2023\/12\/20230820-sn78-foret-le-roi2.jpg\" alt=\"\" class=\"wp-image-6410\" \/><\/figure>\n\n\n\n<figure class=\"wp-block-image size-large\"><img decoding=\"async\" data-id=\"6407\" src=\"https:\/\/sortiesnature78.com\/wp-content\/uploads\/2023\/12\/20230820-sn78-lesgranges.jpg\" alt=\"\" class=\"wp-image-6407\" \/><\/figure>\n\n\n\n<figure class=\"wp-block-image size-large\"><img decoding=\"async\" data-id=\"6408\" src=\"https:\/\/sortiesnature78.com\/wp-content\/uploads\/2023\/12\/20230820-sn78-marniere.jpg\" alt=\"\" class=\"wp-image-6408\" \/><\/figure>\n\n\n\n<figure class=\"wp-block-image size-large\"><img decoding=\"async\" data-id=\"6409\" src=\"https:\/\/sortiesnature78.com\/wp-content\/uploads\/2023\/12\/20230820-sn78-chemin.jpg\" alt=\"\" class=\"wp-image-6409\" \/><\/figure>\n<\/figure>\n\n\n\n<p>Moineaux, hirondelles (rustiques et de fen\u00eatre, toutes deux pr\u00e9sentes dans le village), ainsi que les faucons cr\u00e9cerelles sont des esp\u00e8ces prot\u00e9g\u00e9es, qui voleront au-dessus de nos t\u00eates. Si je ne suis pas parvenue \u00e0 photographier les faucons de pr\u00e8s, j&rsquo;ai pu voir qu&rsquo;un des individus \u00e9tait en pleine mue. Une r\u00e9mige primaire s&rsquo;est m\u00eame laiss\u00e9e tomber devant moi :-).<\/p>\n\n\n\n<figure class=\"wp-block-gallery has-nested-images columns-default is-cropped wp-block-gallery-2 is-layout-flex wp-block-gallery-is-layout-flex\">\n<figure class=\"wp-block-image size-large\"><img decoding=\"async\" data-id=\"6417\" src=\"https:\/\/sortiesnature78.com\/wp-content\/uploads\/2023\/12\/20230820-sn78-moineau.jpg\" alt=\"\" class=\"wp-image-6417\" \/><\/figure>\n\n\n\n<figure class=\"wp-block-image size-large\"><img decoding=\"async\" data-id=\"6416\" src=\"https:\/\/sortiesnature78.com\/wp-content\/uploads\/2023\/12\/20230820-sn78-faucon-cre.jpg\" alt=\"\" class=\"wp-image-6416\" \/><\/figure>\n\n\n\n<figure class=\"wp-block-image size-large\"><img decoding=\"async\" data-id=\"6414\" src=\"https:\/\/sortiesnature78.com\/wp-content\/uploads\/2023\/12\/20230820-sn78-faucon-cre2.jpg\" alt=\"\" class=\"wp-image-6414\" \/><\/figure>\n\n\n\n<figure class=\"wp-block-image size-large\"><img decoding=\"async\" data-id=\"6413\" src=\"https:\/\/sortiesnature78.com\/wp-content\/uploads\/2023\/12\/20230820-sn78-faucon-cre3.jpg\" alt=\"\" class=\"wp-image-6413\" \/><\/figure>\n\n\n\n<figure class=\"wp-block-image size-large\"><img decoding=\"async\" data-id=\"6415\" src=\"https:\/\/sortiesnature78.com\/wp-content\/uploads\/2023\/12\/20230820-sn78-hir-rud.jpg\" alt=\"\" class=\"wp-image-6415\" \/><\/figure>\n\n\n\n<figure class=\"wp-block-image size-large\"><img decoding=\"async\" data-id=\"6418\" src=\"https:\/\/sortiesnature78.com\/wp-content\/uploads\/2023\/12\/20230820-sn78-faucon-cre5.jpg\" alt=\"\" class=\"wp-image-6418\" \/><\/figure>\n<\/figure>\n\n\n\n<p>Enfin, j&rsquo;ai pu photographier une partie des papillons du moment. J&rsquo;esp\u00e8re pouvoir vous en faire d\u00e9couvrir quelques uns parmi ceux ci-dessous. Vous pourrez voir leurs noms en cliquant sur les photos. Je vous ai \u00e9galement gliss\u00e9 deux libellules forestaines.<\/p>\n\n\n\n<figure class=\"wp-block-gallery has-nested-images columns-default is-cropped wp-block-gallery-3 is-layout-flex wp-block-gallery-is-layout-flex\">\n<figure class=\"wp-block-image size-large\"><img decoding=\"async\" data-id=\"6425\" src=\"https:\/\/sortiesnature78.com\/wp-content\/uploads\/2023\/12\/20230820-sn78-azure-commun.jpg\" alt=\"\" class=\"wp-image-6425\" \/><\/figure>\n\n\n\n<figure class=\"wp-block-image size-large\"><img decoding=\"async\" data-id=\"6428\" src=\"https:\/\/sortiesnature78.com\/wp-content\/uploads\/2023\/12\/20230820-sn78-soucis.jpg\" alt=\"\" class=\"wp-image-6428\" \/><\/figure>\n\n\n\n<figure class=\"wp-block-image size-large\"><img decoding=\"async\" data-id=\"6426\" src=\"https:\/\/sortiesnature78.com\/wp-content\/uploads\/2023\/12\/20230820-sn78-tabac3.jpg\" alt=\"\" class=\"wp-image-6426\" \/><\/figure>\n\n\n\n<figure class=\"wp-block-image size-large\"><img decoding=\"async\" data-id=\"6420\" src=\"https:\/\/sortiesnature78.com\/wp-content\/uploads\/2023\/12\/20230820-sn78-aeschne-mixte.jpg\" alt=\"\" class=\"wp-image-6420\" \/><\/figure>\n\n\n\n<figure class=\"wp-block-image size-large\"><img decoding=\"async\" data-id=\"6421\" src=\"https:\/\/sortiesnature78.com\/wp-content\/uploads\/2023\/12\/20230820-sn78-sympetrum-sanguin.jpg\" alt=\"\" class=\"wp-image-6421\" \/><\/figure>\n\n\n\n<figure class=\"wp-block-image size-large\"><img decoding=\"async\" data-id=\"6424\" src=\"https:\/\/sortiesnature78.com\/wp-content\/uploads\/2023\/12\/20230820-sn78-pieride-rave.jpg\" alt=\"\" class=\"wp-image-6424\" \/><\/figure>\n\n\n\n<figure class=\"wp-block-image size-large\"><img decoding=\"async\" data-id=\"6422\" src=\"https:\/\/sortiesnature78.com\/wp-content\/uploads\/2023\/12\/20230820-sn78-geometre-barreaux.jpg\" alt=\"\" class=\"wp-image-6422\" \/><\/figure>\n\n\n\n<figure class=\"wp-block-image size-large\"><img decoding=\"async\" data-id=\"6423\" src=\"https:\/\/sortiesnature78.com\/wp-content\/uploads\/2023\/12\/20230820-sn78-cuivre-commun.jpg\" alt=\"\" class=\"wp-image-6423\" \/><\/figure>\n\n\n\n<figure class=\"wp-block-image size-large\"><img decoding=\"async\" data-id=\"6432\" src=\"https:\/\/sortiesnature78.com\/wp-content\/uploads\/2023\/12\/20230820-sn78-tabac4.jpg\" alt=\"\" class=\"wp-image-6432\" \/><\/figure>\n\n\n\n<figure class=\"wp-block-image size-large\"><img decoding=\"async\" data-id=\"6429\" src=\"https:\/\/sortiesnature78.com\/wp-content\/uploads\/2023\/12\/20230820-sn78-amaryllis.jpg\" alt=\"\" class=\"wp-image-6429\" \/><\/figure>\n\n\n\n<figure class=\"wp-block-image size-large\"><img decoding=\"async\" data-id=\"6427\" src=\"https:\/\/sortiesnature78.com\/wp-content\/uploads\/2023\/12\/20230820-sn78-tircis.jpg\" alt=\"\" class=\"wp-image-6427\" \/><\/figure>\n\n\n\n<figure class=\"wp-block-image size-large\"><img decoding=\"async\" data-id=\"6433\" src=\"https:\/\/sortiesnature78.com\/wp-content\/uploads\/2023\/12\/20230820-sn78-citron.jpg\" alt=\"\" class=\"wp-image-6433\" \/><\/figure>\n\n\n\n<figure class=\"wp-block-image size-large\"><img decoding=\"async\" data-id=\"6430\" src=\"https:\/\/sortiesnature78.com\/wp-content\/uploads\/2023\/12\/20230820-sn78-pieride-chou.jpg\" alt=\"\" class=\"wp-image-6430\" \/><\/figure>\n\n\n\n<figure class=\"wp-block-image size-large\"><img decoding=\"async\" data-id=\"6431\" src=\"https:\/\/sortiesnature78.com\/wp-content\/uploads\/2023\/12\/20230820-sn78-pyr-buis.jpg\" alt=\"\" class=\"wp-image-6431\" \/><\/figure>\n<\/figure>\n\n\n\n<p>Dourdan Tourisme propose cette ann\u00e9e un cycle de visites sur le th\u00e8me de la nature au fil des quatre saisons avec Solen Boivin, guide nature.<br>Sur la commune de la For\u00eat-le-Roi, parcourez les sentiers entre champs et bois, observez la faune et la flore. Une visite pour admirer les tr\u00e9sors de la nature et mieux comprendre le cycle des saisons.<\/p>\n\n\n\n<p>R\u00e9servation indispensable aupr\u00e8s de Dourdan Tourisme : <a href=\"https:\/\/www.dourdan-tourisme.fr\/Agenda-et-festivites\/Tout-l-agenda\/visite-commentee-la-nature-ete\/1025\" target=\"_blank\" rel=\"noreferrer noopener\">https:\/\/www.dourdan-tourisme.fr\/Agenda-et-festivites\/Tout-l-agenda\/visite-commentee-la-nature-ete\/1025<\/a><\/p>\n","protected":false},"excerpt":{"rendered":"<p>Il y a deux jours, j&rsquo;effectuais le rep\u00e9rage sur une commune que je ne connaissais pas encore : La For\u00eat-Le-Roi. J&rsquo;ai d\u00e9couvert un village avec de nombreux atouts, des oiseaux prot\u00e9g\u00e9s, des papillons en quantit\u00e9 et des paysages vari\u00e9s. J&rsquo;aimerais partager avec vous toute cette biodiversit\u00e9 dimanche 27 ao\u00fbt \u00e0 10h. Les inscriptions se font&#8230; <\/p>\n<div class=\"link-more\"><a href=\"https:\/\/sortiesnature78.com\/?p=6402\">En savoir plus<\/a><\/div>\n","protected":false},"author":2,"featured_media":6977,"comment_status":"open","ping_status":"open","sticky":false,"template":"","format":"standard","meta":{"_jetpack_memberships_contains_paid_content":false,"footnotes":""},"categories":[2,14,20,23,27],"tags":[65,72,74,75],"class_list":["post-6402","post","type-post","status-publish","format-standard","has-post-thumbnail","hentry","category-animaux","category-insectes","category-oiseaux","category-prochaines-sorties","category-sorties-nature","tag-paysage","tag-randonnee","tag-sortie-nature","tag-sortiesnature"],"jetpack_featured_media_url":"https:\/\/sortiesnature78.com\/wp-content\/uploads\/2023\/12\/20230820-sn78-soucis-1.jpg","jetpack_sharing_enabled":true,"_links":{"self":[{"href":"https:\/\/sortiesnature78.com\/index.php?rest_route=\/wp\/v2\/posts\/6402","targetHints":{"allow":["GET"]}}],"collection":[{"href":"https:\/\/sortiesnature78.com\/index.php?rest_route=\/wp\/v2\/posts"}],"about":[{"href":"https:\/\/sortiesnature78.com\/index.php?rest_route=\/wp\/v2\/types\/post"}],"author":[{"embeddable":true,"href":"https:\/\/sortiesnature78.com\/index.php?rest_route=\/wp\/v2\/users\/2"}],"replies":[{"embeddable":true,"href":"https:\/\/sortiesnature78.com\/index.php?rest_route=%2Fwp%2Fv2%2Fcomments&post=6402"}],"version-history":[{"count":1,"href":"https:\/\/sortiesnature78.com\/index.php?rest_route=\/wp\/v2\/posts\/6402\/revisions"}],"predecessor-version":[{"id":6599,"href":"https:\/\/sortiesnature78.com\/index.php?rest_route=\/wp\/v2\/posts\/6402\/revisions\/6599"}],"wp:featuredmedia":[{"embeddable":true,"href":"https:\/\/sortiesnature78.com\/index.php?rest_route=\/wp\/v2\/media\/6977"}],"wp:attachment":[{"href":"https:\/\/sortiesnature78.com\/index.php?rest_route=%2Fwp%2Fv2%2Fmedia&parent=6402"}],"wp:term":[{"taxonomy":"category","embeddable":true,"href":"https:\/\/sortiesnature78.com\/index.php?rest_route=%2Fwp%2Fv2%2Fcategories&post=6402"},{"taxonomy":"post_tag","embeddable":true,"href":"https:\/\/sortiesnature78.com\/index.php?rest_route=%2Fwp%2Fv2%2Ftags&post=6402"}],"curies":[{"name":"wp","href":"https:\/\/api.w.org\/{rel}","templated":true}]}}